{"id":19,"count":4,"description":"Ces images et portraits ont \u00e9t\u00e9 rendus publics pendant une C\u00e9r\u00e9monie Annuelle pass\u00e9e. Ils ont \u00e9t\u00e9 cr\u00e9\u00e9s par le r\u00e9seau proche des d\u00e9funts. Des proches et des membres de la famille avec qui nous \u00e9tions en contact ont marqu\u00e9 leur accord pour que ce contenu soit rendu public.","link":"https:\/\/www.mortsdelarue.brussels\/nl\/category\/hommage\/in-memoriam\/","name":"Ter nagedachtenis","slug":"in-memoriam","taxonomy":"category","parent":10,"meta":[],"acf":[],"_links":{"self":[{"href":"https:\/\/www.mortsdelarue.brussels\/nl\/wp-json\/wp\/v2\/categories\/19","targetHints":{"allow":["GET"]}}],"collection":[{"href":"https:\/\/www.mortsdelarue.brussels\/nl\/wp-json\/wp\/v2\/categories"}],"about":[{"href":"https:\/\/www.mortsdelarue.brussels\/nl\/wp-json\/wp\/v2\/taxonomies\/category"}],"up":[{"embeddable":true,"href":"https:\/\/www.mortsdelarue.brussels\/nl\/wp-json\/wp\/v2\/categories\/10"}],"wp:post_type":[{"href":"https:\/\/www.mortsdelarue.brussels\/nl\/wp-json\/wp\/v2\/posts?categories=19"}],"curies":[{"name":"wp","href":"https:\/\/api.w.org\/{rel}","templated":true}]}}