{"id":126,"date":"2016-06-10T14:26:54","date_gmt":"2016-06-10T12:26:54","guid":{"rendered":"https:\/\/www.mortsdelarue.brussels\/le-collectif\/"},"modified":"2025-01-30T16:18:05","modified_gmt":"2025-01-30T15:18:05","slug":"le-collectif","status":"publish","type":"post","link":"https:\/\/www.mortsdelarue.brussels\/nl\/le-collectif\/","title":{"rendered":"Het Collectief"},"content":{"rendered":"<p class=\"post_excerpt\"><em> <strong>Het niet respecteren van iemands dood vanwege het belang van begrafenis en ritueel is geen respect voor de menselijkheid en onze eigen waardigheid.<\/strong> <\/em><\/p>\n\n\n\n<!--more-->\n\n\n\n<p><br>Straatbewoners, vrijwilligers en professionals uit de daklozensector, burgers... die in Brussel wonen of werken, werden gealarmeerd door de onzekerheid en eenzaamheid waarin bepaalde daklozen, of voormalige daklozen, begraven konden worden.<\/p>\n\n\n\n<p>Pour faire face, ensemble, \u00e0 cette r\u00e9alit\u00e9 interpellante, ils ont cr\u00e9\u00e9 en mai 2005 un collectif dont la mission est d\u2019 \u00ab agir pour un adieu digne pour les habitants de la rue en R\u00e9gion Bruxelloise \u00bb.<\/p>\n\n\n\n<h2 class=\"wp-block-heading\">Valeurs<\/h2>\n\n\n\n<p>La dignit\u00e9 humaine, le respect, la tol\u00e9rance, l\u2019\u00e9galit\u00e9, l\u2019\u00e9quit\u00e9, la participation, la lutte contre la pauvret\u00e9, la solidarit\u00e9, l\u2019ouverture, l\u2019interconvictionalit\u00e9.<\/p>\n\n\n\n<h2 class=\"wp-block-heading\">Definitie van een straatdode<\/h2>\n\n\n\n<p>Nous consid\u00e9rons qu\u2019un \u00ab mort de la rue \u00bb est une personne d\u00e9c\u00e9d\u00e9e qui a v\u00e9cu dans les rues de la R\u00e9gion Bruxelloise. Le parcours de vie d&rsquo;un habitant de la rue peut \u00eatre tr\u00e8s divers et morcel\u00e9, avec des p\u00e9riodes en rue, en maison d&rsquo;accueil, en logement, en h\u00f4pital&#8230; Le moment de d\u00e9c\u00e8s est comme une photo d&rsquo;un moment particulier de ce parcours. Environ la moiti\u00e9 de nos \u00ab\u00a0morts de la rue\u00a0\u00bb vivait en rue au moment du d\u00e9c\u00e8s, un quart de nos \u00ab\u00a0morts de la rue\u00a0\u00bb est d\u00e9c\u00e9d\u00e9 sur un lieu public. La moyenne d\u2019\u00e2ge au moment du d\u00e9c\u00e8s est de 48 ans.<\/p>\n\n\n\n<p>Pr\u00e9cision : un indigent est quant \u00e0 lui une personne dont les obs\u00e8ques ne peuvent \u00eatre pay\u00e9es (ni par ses proches, ni par ses fonds propres). Tous les morts de la rue ne sont pas enterr\u00e9s en tant qu\u2019indigents, et toutes les personnes enterr\u00e9es en tant qu\u2019indigentes ne sont pas des morts de la rue.<\/p>\n\n\n\n<figure class=\"wp-block-image aligncenter\"><img fetchpriority=\"high\" decoding=\"async\" width=\"1334\" height=\"749\" src=\"https:\/\/www.mortsdelarue.brussels\/wp-content\/uploads\/2016\/06\/4291855444-2.jpg\" alt=\"4291855444-2.jpg\" class=\"wp-image-125\"\/><\/figure>\n\n\n\n<p><\/p>\n\n\n\n<figure class=\"wp-block-gallery has-nested-images columns-3 is-cropped wp-block-gallery-1 is-layout-flex wp-block-gallery-is-layout-flex\">\n<figure class=\"wp-block-image size-large\"><a href=\"https:\/\/www.mortsdelarue.brussels\/wp-content\/uploads\/2016\/06\/4291855444-2.jpg\"><img decoding=\"async\" width=\"1024\" height=\"575\" data-id=\"125\" src=\"https:\/\/www.mortsdelarue.brussels\/wp-content\/uploads\/2016\/06\/4291855444-2-1024x575.jpg\" alt=\"4291855444-2.jpg\" class=\"wp-image-125\"\/><\/a><\/figure>\n<\/figure>","protected":false},"excerpt":{"rendered":"<p>Het niet respecteren van iemands dood vanwege het belang van begrafenis en ritueel is geen respect voor de menselijkheid en onze eigen waardigheid.<\/p>","protected":false},"author":1,"featured_media":125,"comment_status":"closed","ping_status":"closed","sticky":false,"template":"","format":"standard","meta":{"_acf_changed":false,"footnotes":""},"categories":[5],"tags":[],"class_list":["post-126","post","type-post","status-publish","format-standard","has-post-thumbnail","hentry","category-le-collectif"],"acf":[],"_links":{"self":[{"href":"https:\/\/www.mortsdelarue.brussels\/nl\/wp-json\/wp\/v2\/posts\/126","targetHints":{"allow":["GET"]}}],"collection":[{"href":"https:\/\/www.mortsdelarue.brussels\/nl\/wp-json\/wp\/v2\/posts"}],"about":[{"href":"https:\/\/www.mortsdelarue.brussels\/nl\/wp-json\/wp\/v2\/types\/post"}],"author":[{"embeddable":true,"href":"https:\/\/www.mortsdelarue.brussels\/nl\/wp-json\/wp\/v2\/users\/1"}],"replies":[{"embeddable":true,"href":"https:\/\/www.mortsdelarue.brussels\/nl\/wp-json\/wp\/v2\/comments?post=126"}],"version-history":[{"count":1,"href":"https:\/\/www.mortsdelarue.brussels\/nl\/wp-json\/wp\/v2\/posts\/126\/revisions"}],"predecessor-version":[{"id":1262,"href":"https:\/\/www.mortsdelarue.brussels\/nl\/wp-json\/wp\/v2\/posts\/126\/revisions\/1262"}],"wp:featuredmedia":[{"embeddable":true,"href":"https:\/\/www.mortsdelarue.brussels\/nl\/wp-json\/wp\/v2\/media\/125"}],"wp:attachment":[{"href":"https:\/\/www.mortsdelarue.brussels\/nl\/wp-json\/wp\/v2\/media?parent=126"}],"wp:term":[{"taxonomy":"category","embeddable":true,"href":"https:\/\/www.mortsdelarue.brussels\/nl\/wp-json\/wp\/v2\/categories?post=126"},{"taxonomy":"post_tag","embeddable":true,"href":"https:\/\/www.mortsdelarue.brussels\/nl\/wp-json\/wp\/v2\/tags?post=126"}],"curies":[{"name":"wp","href":"https:\/\/api.w.org\/{rel}","templated":true}]}}