{"id":210,"date":"2016-08-16T16:30:24","date_gmt":"2016-08-16T14:30:24","guid":{"rendered":"https:\/\/www.mortsdelarue.brussels\/invitations-des-ceremonies-annuelles\/"},"modified":"2024-03-20T10:16:15","modified_gmt":"2024-03-20T09:16:15","slug":"invitations-des-ceremonies-annuelles","status":"publish","type":"post","link":"https:\/\/www.mortsdelarue.brussels\/nl\/invitations-des-ceremonies-annuelles\/","title":{"rendered":"Invitations des c\u00e9r\u00e9monies annuelles"},"content":{"rendered":"<p class=\"post_excerpt\">Se souvenir de la m\u00e9moire des morts permet de faire comprendre au grand public et aux responsables politiques de mani\u00e8re plus compl\u00e8te les VIES de ceux qui habitent nos rues, montrer le beau et les forces comme les r\u00e9alit\u00e9s de vie les plus dures de la rue que nous voulons changer. \n\n<\/p>\n\n\n<!--more-->\nInvitation de l\u00e9 c\u00e9r\u00e9monie 2022, en m\u00e9moire des personnes d\u00e9c\u00e9d\u00e9es en 2021\n<a href=\"\/nl\/IMG\/pdf\/invitation_digitale_mdlr_2022_-_vf.pdf\/\">invitation_digitale_mdlr_2022_-_vf.pdf<\/a> <a href=\"\/nl\/IMG\/pdf\/invitation_digitale_mdlr_2022_-_nl.pdf\/\">invitation_digitale_mdlr_2022_-_nl.pdf<\/a>\n\n<img fetchpriority=\"high\" decoding=\"async\" class=\"aligncenter size-full wp-image-207\" src=\"https:\/\/www.mortsdelarue.brussels\/wp-content\/uploads\/2016\/08\/screen_shot_2020-12-16_at_12.40.12.png\" alt=\"screen_shot_2020-12-16_at_12.40.12.png\" align=\"center\" width=\"807\" height=\"607\" \/>\n<strong>L&rsquo;invitation de la c\u00e9r\u00e9monie annuelle (la diffusion) en 2020<\/strong>\n<img decoding=\"async\" class=\"aligncenter size-full wp-image-208\" src=\"https:\/\/www.mortsdelarue.brussels\/wp-content\/uploads\/2016\/08\/screen_shot_2020-12-16_at_12.39.43.png\" alt=\"screen_shot_2020-12-16_at_12.39.43.png\" align=\"center\" width=\"556\" height=\"603\" \/>\n<strong>L&rsquo;invitation de la c\u00e9r\u00e9monie annuelle \u00e0 l&rsquo;h\u00f4tel de ville en 2019<\/strong>\n<img decoding=\"async\" class=\"aligncenter size-full wp-image-209\" src=\"https:\/\/www.mortsdelarue.brussels\/wp-content\/uploads\/2016\/08\/screen_shot_2020-12-16_at_12.43.36.png\" alt=\"screen_shot_2020-12-16_at_12.43.36.png\" align=\"center\" width=\"248\" height=\"685\" \/>\n<strong>L&rsquo;invitation de la c\u00e9r\u00e9monie annuelle \u00e0 l&rsquo;h\u00f4tel de ville en 2018<\/strong>\n\n<div data-configid=\"24483137\/38647168\" style=\"width:525px; height:371px;\" class=\"issuuembed\"><\/div>\n<script type=\"text\/javascript\" src=\"\/\/e.issuu.com\/embed.js\" async=\"true\"><\/script>\n<strong>les invitations 2006-2017<\/strong>\n\n\n\n<div id='gallery-1' class='gallery galleryid-210 gallery-columns-3 gallery-size-thumbnail'><figure class='gallery-item'>\n\t\t\t<div class='gallery-icon portrait'>\n\t\t\t\t<a href='https:\/\/www.mortsdelarue.brussels\/wp-content\/uploads\/2016\/08\/appartementen.jpg'><img loading=\"lazy\" decoding=\"async\" width=\"150\" height=\"150\" src=\"https:\/\/www.mortsdelarue.brussels\/wp-content\/uploads\/2016\/08\/appartementen-150x150.jpg\" class=\"attachment-thumbnail size-thumbnail\" alt=\"appartementen.jpg\" \/><\/a>\n\t\t\t<\/div><\/figure><figure class='gallery-item'>\n\t\t\t<div class='gallery-icon portrait'>\n\t\t\t\t<a href='https:\/\/www.mortsdelarue.brussels\/wp-content\/uploads\/2020\/12\/2007_invitation_fr.png'><img loading=\"lazy\" decoding=\"async\" width=\"150\" height=\"150\" src=\"https:\/\/www.mortsdelarue.brussels\/wp-content\/uploads\/2020\/12\/2007_invitation_fr-150x150.png\" class=\"attachment-thumbnail size-thumbnail\" alt=\"2007_invitation_fr.png\" \/><\/a>\n\t\t\t<\/div><\/figure><figure class='gallery-item'>\n\t\t\t<div class='gallery-icon portrait'>\n\t\t\t\t<a href='https:\/\/www.mortsdelarue.brussels\/wp-content\/uploads\/2016\/08\/screen_shot_2020-12-16_at_12.39.43.png'><img loading=\"lazy\" decoding=\"async\" width=\"150\" height=\"150\" src=\"https:\/\/www.mortsdelarue.brussels\/wp-content\/uploads\/2016\/08\/screen_shot_2020-12-16_at_12.39.43-150x150.png\" class=\"attachment-thumbnail size-thumbnail\" alt=\"screen_shot_2020-12-16_at_12.39.43.png\" \/><\/a>\n\t\t\t<\/div><\/figure><figure class='gallery-item'>\n\t\t\t<div class='gallery-icon landscape'>\n\t\t\t\t<a href='https:\/\/www.mortsdelarue.brussels\/wp-content\/uploads\/2016\/08\/screen_shot_2020-12-16_at_12.40.12.png'><img loading=\"lazy\" decoding=\"async\" width=\"150\" height=\"150\" src=\"https:\/\/www.mortsdelarue.brussels\/wp-content\/uploads\/2016\/08\/screen_shot_2020-12-16_at_12.40.12-150x150.png\" class=\"attachment-thumbnail size-thumbnail\" alt=\"screen_shot_2020-12-16_at_12.40.12.png\" \/><\/a>\n\t\t\t<\/div><\/figure><figure class='gallery-item'>\n\t\t\t<div class='gallery-icon portrait'>\n\t\t\t\t<a href='https:\/\/www.mortsdelarue.brussels\/wp-content\/uploads\/2016\/08\/screen_shot_2020-12-16_at_12.43.36.png'><img loading=\"lazy\" decoding=\"async\" width=\"150\" height=\"150\" src=\"https:\/\/www.mortsdelarue.brussels\/wp-content\/uploads\/2016\/08\/screen_shot_2020-12-16_at_12.43.36-150x150.png\" class=\"attachment-thumbnail size-thumbnail\" alt=\"screen_shot_2020-12-16_at_12.43.36.png\" \/><\/a>\n\t\t\t<\/div><\/figure>\n\t\t<\/div>\n\n<h2 class=\"wp-block-heading\">Bijgevoegde documenten<\/h2>\n\n\n\n<div class=\"wp-block-file\"><a href=\"https:\/\/www.mortsdelarue.brussels\/wp-content\/uploads\/2016\/08\/2006_invitation_fr.pdf\">2006 invitation<\/a><\/div>\n\n\n\n<div class=\"wp-block-file\"><a href=\"https:\/\/www.mortsdelarue.brussels\/wp-content\/uploads\/2016\/08\/2007_invitation_fr.pdf\">2007 invitation<\/a><\/div>\n\n\n\n<div class=\"wp-block-file\"><a href=\"https:\/\/www.mortsdelarue.brussels\/wp-content\/uploads\/2016\/08\/2008_invitation_fr.pdf\">2008 invitation<\/a><\/div>\n\n\n\n<div class=\"wp-block-file\"><a href=\"https:\/\/www.mortsdelarue.brussels\/wp-content\/uploads\/2016\/08\/2009_invitation_fr.pdf\">2009_invitation_fr<\/a><\/div>\n\n\n\n<div class=\"wp-block-file\"><a href=\"https:\/\/www.mortsdelarue.brussels\/wp-content\/uploads\/2016\/08\/2010_invitation_fr.pdf\">2010 invitation<\/a><\/div>\n\n\n\n<div class=\"wp-block-file\"><a href=\"https:\/\/www.mortsdelarue.brussels\/wp-content\/uploads\/2016\/08\/2011_invitation_fr.pdf\">2011 invitation<\/a><\/div>\n\n\n\n<div class=\"wp-block-file\"><a href=\"https:\/\/www.mortsdelarue.brussels\/wp-content\/uploads\/2016\/08\/2012_invitation_fr.pdf\">2012 invitation<\/a><\/div>\n\n\n\n<div class=\"wp-block-file\"><a href=\"https:\/\/www.mortsdelarue.brussels\/wp-content\/uploads\/2016\/09\/2013_invitation_fr.pdf\">2013 invitation<\/a><\/div>\n\n\n\n<div class=\"wp-block-file\"><a href=\"https:\/\/www.mortsdelarue.brussels\/wp-content\/uploads\/2016\/09\/2014_invitation_fr.pdf\">2014 invitation<\/a><\/div>\n\n\n\n<div class=\"wp-block-file\"><a href=\"https:\/\/www.mortsdelarue.brussels\/wp-content\/uploads\/2016\/09\/2015_invitation_fr.pdf\">2015 invitation<\/a><\/div>\n\n\n\n<div class=\"wp-block-file\"><a href=\"https:\/\/www.mortsdelarue.brussels\/wp-content\/uploads\/2016\/09\/2016_invitation_fr.pdf\">2016 invitation<\/a><\/div>\n\n\n\n<div class=\"wp-block-file\"><a href=\"https:\/\/www.mortsdelarue.brussels\/wp-content\/uploads\/2017\/03\/div_30_invitationfr.pdf\">2017 Invitation<\/a><\/div>\n\n\n\n<div class=\"wp-block-file\"><a href=\"https:\/\/www.mortsdelarue.brussels\/wp-content\/uploads\/2018\/04\/div18_013_fr.pdf\">Invitation 2018<\/a><\/div>\n\n\n\n<div class=\"wp-block-file\"><a href=\"https:\/\/www.mortsdelarue.brussels\/wp-content\/uploads\/2019\/05\/2019_invitation.pdf\">2019 Invitation<\/a><\/div>\n\n\n\n<div class=\"wp-block-file\"><a href=\"https:\/\/www.mortsdelarue.brussels\/wp-content\/uploads\/2020\/12\/invitation_fr.pdf\">2019 invitation<\/a><\/div>","protected":false},"excerpt":{"rendered":"<p>Se souvenir de la m\u00e9moire des morts permet de faire comprendre au grand public et aux responsables politiques de mani\u00e8re plus compl\u00e8te les VIES de ceux qui habitent nos rues, montrer le beau et les forces comme les r\u00e9alit\u00e9s de vie les plus dures de la rue que nous voulons changer.<\/p>","protected":false},"author":1,"featured_media":207,"comment_status":"closed","ping_status":"closed","sticky":false,"template":"","format":"standard","meta":{"_acf_changed":false,"footnotes":""},"categories":[13],"tags":[],"class_list":["post-210","post","type-post","status-publish","format-standard","has-post-thumbnail","hentry","category-ceremonies-passees"],"acf":[],"_links":{"self":[{"href":"https:\/\/www.mortsdelarue.brussels\/nl\/wp-json\/wp\/v2\/posts\/210","targetHints":{"allow":["GET"]}}],"collection":[{"href":"https:\/\/www.mortsdelarue.brussels\/nl\/wp-json\/wp\/v2\/posts"}],"about":[{"href":"https:\/\/www.mortsdelarue.brussels\/nl\/wp-json\/wp\/v2\/types\/post"}],"author":[{"embeddable":true,"href":"https:\/\/www.mortsdelarue.brussels\/nl\/wp-json\/wp\/v2\/users\/1"}],"replies":[{"embeddable":true,"href":"https:\/\/www.mortsdelarue.brussels\/nl\/wp-json\/wp\/v2\/comments?post=210"}],"version-history":[{"count":0,"href":"https:\/\/www.mortsdelarue.brussels\/nl\/wp-json\/wp\/v2\/posts\/210\/revisions"}],"wp:featuredmedia":[{"embeddable":true,"href":"https:\/\/www.mortsdelarue.brussels\/nl\/wp-json\/wp\/v2\/media\/207"}],"wp:attachment":[{"href":"https:\/\/www.mortsdelarue.brussels\/nl\/wp-json\/wp\/v2\/media?parent=210"}],"wp:term":[{"taxonomy":"category","embeddable":true,"href":"https:\/\/www.mortsdelarue.brussels\/nl\/wp-json\/wp\/v2\/categories?post=210"},{"taxonomy":"post_tag","embeddable":true,"href":"https:\/\/www.mortsdelarue.brussels\/nl\/wp-json\/wp\/v2\/tags?post=210"}],"curies":[{"name":"wp","href":"https:\/\/api.w.org\/{rel}","templated":true}]}}