{"id":276,"date":"2016-08-22T15:04:11","date_gmt":"2016-08-22T13:04:11","guid":{"rendered":"https:\/\/www.mortsdelarue.brussels\/activites\/"},"modified":"2026-03-31T11:01:41","modified_gmt":"2026-03-31T09:01:41","slug":"activites","status":"publish","type":"post","link":"https:\/\/www.mortsdelarue.brussels\/nl\/activites\/","title":{"rendered":"Activiteiten"},"content":{"rendered":"<p class=\"post_excerpt\"><em>Het ware graf van de doden is de herinnering aan de levenden<\/em><\/p>\n\n\n\n<p><\/p>\n\n\n\n<p>La prochaine c\u00e9r\u00e9monie d&rsquo;hommage aux Mortes et Morts de la rue aura lieu le <strong>28 mai 2026<\/strong>, \u00e0 11h \u00e0 l&rsquo;H\u00f4tel de Ville de Bruxelles. <\/p>\n\n\n\n<h2 class=\"wp-block-heading\"><strong>En 2025,  notre Collectif f\u00eate ses 20 ans! <\/strong><\/h2>\n\n\n\n<p>C&rsquo;est l&rsquo;occasion de se pencher sur nos r\u00e9alisations, nos victoires et ce qui doit encore changer<\/p>\n\n\n\n<figure class=\"wp-block-image size-full\"><img fetchpriority=\"high\" decoding=\"async\" width=\"649\" height=\"649\" src=\"https:\/\/www.mortsdelarue.brussels\/wp-content\/uploads\/2024\/03\/POST_INSTA_PROGRAMME_20_ANS_1.webp\" alt=\"\" class=\"wp-image-1410\" srcset=\"https:\/\/www.mortsdelarue.brussels\/wp-content\/uploads\/2024\/03\/POST_INSTA_PROGRAMME_20_ANS_1.webp 649w, https:\/\/www.mortsdelarue.brussels\/wp-content\/uploads\/2024\/03\/POST_INSTA_PROGRAMME_20_ANS_1-300x300.webp 300w, https:\/\/www.mortsdelarue.brussels\/wp-content\/uploads\/2024\/03\/POST_INSTA_PROGRAMME_20_ANS_1-150x150.webp 150w, https:\/\/www.mortsdelarue.brussels\/wp-content\/uploads\/2024\/03\/POST_INSTA_PROGRAMME_20_ANS_1-12x12.webp 12w\" sizes=\"(max-width: 649px) 100vw, 649px\" \/><\/figure>\n\n\n\n<p>Pour l&rsquo;occasion, nous pr\u00e9parons plusieurs \u00e9v\u00e9nements, auxquels nous vous invitons chaleureusement! Certains \u00e9v\u00e9nements sont co-organis\u00e9s avec le festival Dia De Muertos<\/p>\n\n\n\n<p>&#8211; Le <strong>lundi 27\/10<\/strong>, de 14h \u00e0 17h, Arpentage du livre Le co\u00fbt de la mort &#8211; la s\u00e9curit\u00e9 sociale jusqu&rsquo;au bout, \u00e0 la biblioth\u00e8que Bruegel (rue Haute 245). Gratuit, sur r\u00e9servation. Envoyez-nous un mail \u00e0 info@mortsdelarue.brussels et\/ou \u00e0&nbsp;<\/p>\n\n\n\n<p><a href=\"mailto:bib.bre@brucity.education\" target=\"_blank\" rel=\"noreferrer noopener\">bib.bre@brucity.education<\/a><\/p>\n\n\n\n<p>&#8211; Le <strong>lundi 27\/10 \u00e0 18h<\/strong>, <a href=\"https:\/\/www.diademuertos.be\/lecoutdelamort\" target=\"_blank\" rel=\"noreferrer noopener\">rencontre avec les auteurs du livre Le co\u00fbt de la mort<\/a>&nbsp;au Centre Culturel Bruegel. Gratuit, <a href=\"https:\/\/shop.utick.net\/?pos=DIADEMUERTOS&amp;module=ACTIVITYSERIEDETAILS&amp;s=3E583E9D-0C67-7205-DDA0-2D5230F3A811\" target=\"_blank\" rel=\"noreferrer noopener\">sur r\u00e9servation<\/a><\/p>\n\n\n\n<p>&#8211; Le <strong>mercredi 29\/10 \u00e0 18h<\/strong>, venez \u00e9couter nos <a href=\"https:\/\/www.diademuertos.be\/anecdotesgesticulees\" target=\"_blank\" rel=\"noreferrer noopener\">Anecdotes Gesticul\u00e9es<\/a>! 7 personnes actives dans notre Collectif ont suivi la formation \u00ab\u00a0Monter une anecdote gesticul\u00e9e\u00a0\u00bb et vous pr\u00e9senteront leurs cr\u00e9ations. Centre culturel Bruegel, gratuit, <a href=\"https:\/\/shop.utick.net\/?pos=DIADEMUERTOS&amp;module=ACTIVITYSERIEDETAILS&amp;s=21ECD25A-358A-E4AC-19C4-507953E0D0CA\" target=\"_blank\" rel=\"noreferrer noopener\">sur r\u00e9servation<\/a>&nbsp;. En partenariat avec le CFS et 12Rom.<\/p>\n\n\n\n<p>&#8211; Le <strong>jeudi 30\/10<\/strong>, \u00e0 15h, Atelier Mortel au Chaff, Place du Jeu de Balle 21\/22.&nbsp;Ce moment de partage sera \u00e0 la fois cr\u00e9atif et ouvert \u00e0 la parole.Nous profiterons de cette rencontre pour d\u00e9corer les galets qui seront d\u00e9pos\u00e9s au cimeti\u00e8re pour l&rsquo;hommage du 2 novembre, tout en engageant la discussion sur la fin de vie, le deuil, ou tout autre sujet relatif \u00e0 la mort. R\u00e9servation souhait\u00e9e \u00e0 info@mortsdelarue.brussels<br>&#8211; Le <strong>samedi 1\/11<\/strong>, nous participerons \u00e0 la procession de Dia de Muertos, d\u00e9part \u00e0 19h de l&rsquo;Esplanade de l&rsquo;Europe (Gare du Midi), arriv\u00e9e \u00e0 20h30 Place du Jeu de Balle.<br>&#8211; Le <strong>dimanche 2\/11<\/strong>, le Collectif vous invite \u00e0 la visite au cimeti\u00e8re de Bruxelles. Rendez-vous \u00e0 10h \u00e0 l&rsquo;Arbre des Morts de la rue, Place de l&rsquo;Albertine, nous nous rendrons ensuite ensemble au cimeti\u00e8re de Bruxelles pour y fleurir les tombes des Mortes et Morts de la rue, et y d\u00e9poser les galets peints lors de l&rsquo;atelier. Si vous jouez d&rsquo;un instrument de musique, ou si vous connaissez quelqu&rsquo;un qui peut venir avec le sien, n&rsquo;h\u00e9sitez pas \u00e0 les prendre pour rendre ce moment encore plus beau!<\/p>\n\n\n\n<p><a href=\"https:\/\/bio.site\/mortsdelarue\">R\u00e9servations ici!<\/a><\/p>\n\n\n\n<p><\/p>\n\n\n\n<p><\/p>\n\n\n\n<p><\/p>\n\n\n\n<p><\/p>\n\n\n\n<h2 class=\"wp-block-heading\">20\u00e8me c\u00e9r\u00e9monie d&rsquo;hommage aux Mortes et Morts de la rue<\/h2>\n\n\n\n<p><\/p>\n\n\n\n<figure class=\"wp-block-image size-large\"><img decoding=\"async\" width=\"722\" height=\"1024\" src=\"https:\/\/www.mortsdelarue.brussels\/wp-content\/uploads\/2016\/08\/INVITATION-DIGITALE-MDLR-2025-FR-1_page-0001-722x1024.jpg\" alt=\"\" class=\"wp-image-1401\" srcset=\"https:\/\/www.mortsdelarue.brussels\/wp-content\/uploads\/2016\/08\/INVITATION-DIGITALE-MDLR-2025-FR-1_page-0001-722x1024.jpg 722w, https:\/\/www.mortsdelarue.brussels\/wp-content\/uploads\/2016\/08\/INVITATION-DIGITALE-MDLR-2025-FR-1_page-0001-212x300.jpg 212w, https:\/\/www.mortsdelarue.brussels\/wp-content\/uploads\/2016\/08\/INVITATION-DIGITALE-MDLR-2025-FR-1_page-0001-768x1089.jpg 768w, https:\/\/www.mortsdelarue.brussels\/wp-content\/uploads\/2016\/08\/INVITATION-DIGITALE-MDLR-2025-FR-1_page-0001-8x12.jpg 8w, https:\/\/www.mortsdelarue.brussels\/wp-content\/uploads\/2016\/08\/INVITATION-DIGITALE-MDLR-2025-FR-1_page-0001.jpg 875w\" sizes=\"(max-width: 722px) 100vw, 722px\" \/><\/figure>\n\n\n\n<!--more-->\n\n\n\n<p><br>Vous pouvez consulter les prises de parole, textes et t\u00e9moignages en m\u00e9moire des personnes dont nous avons appris le d\u00e9c\u00e8s en 2022 <a href=\"\/nl\/IMG\/pdf\/dossier_farde_2023_v4.pdf\/\">dossier_farde_2023_v4.pdf<\/a><\/p>\n\n\n\n<figure class=\"wp-block-embed is-type-video is-provider-youtube wp-block-embed-youtube wp-embed-aspect-16-9 wp-has-aspect-ratio\"><div class=\"wp-block-embed__wrapper\">\n<iframe title=\"Hommage aux morts de la rue en 2022   Ceremonie 2023\" width=\"800\" height=\"450\" src=\"https:\/\/www.youtube.com\/embed\/OtOUc2eRBPA?feature=oembed\" frameborder=\"0\" allow=\"accelerometer; autoplay; clipboard-write; encrypted-media; gyroscope; picture-in-picture; web-share\" referrerpolicy=\"strict-origin-when-cross-origin\" allowfullscreen><\/iframe>\n<\/div><\/figure>\n\n\n\n<p><iframe style=\"border: none; overflow: hidden;\" src=\"https:\/\/www.facebook.com\/plugins\/video.php?height=476&amp;href=https%3A%2F%2Fwww.facebook.com%2FTDMasbl%2Fvideos%2F1311907033043566%2F&amp;show_text=false&amp;width=476&amp;t=0\" width=\"476\" height=\"476\" frameborder=\"0\" scrolling=\"no\" allowfullscreen=\"allowfullscreen\"><\/iframe><\/p>\n\n\n\n<p><strong>La c\u00e9r\u00e9monie d&rsquo;hommage aux personnes d\u00e9c\u00e9d\u00e9es en 2022 aura lieu le mercredi 24 mai \u00e0 11h \u00e0 l&rsquo;h\u00f4tel de ville de Bruxelles<\/strong><\/p>\n\n\n\n<p>Le 30 janvier, l&rsquo;\u00e9mission Tam-Tam de La TROIS a r\u00e9alis\u00e9 ce reportage sur notre Collectif<br><\/p>\n\n\n\n<figure class=\"wp-block-embed is-type-video is-provider-youtube wp-block-embed-youtube wp-embed-aspect-16-9 wp-has-aspect-ratio\"><div class=\"wp-block-embed__wrapper\">\n<iframe title=\"TAMTAM \/ LES MORTS DE LA RUE\" width=\"800\" height=\"450\" src=\"https:\/\/www.youtube.com\/embed\/vsIGVw9wBWQ?feature=oembed\" frameborder=\"0\" allow=\"accelerometer; autoplay; clipboard-write; encrypted-media; gyroscope; picture-in-picture; web-share\" referrerpolicy=\"strict-origin-when-cross-origin\" allowfullscreen><\/iframe>\n<\/div><\/figure>\n\n\n\n<p>La <a href=\"https:\/\/www.youtube.com\/watch?v=qoqOM70wALA&amp;fbclid=IwAR1RgKo6fhmV13cQb5EMU9IEeRa2pyfTZE2raGddWGnjOfcJP7HJXjZvOPs\">vid\u00e9o<\/a> en hommage aux personnes dont nous avons appris le d\u00e9c\u00e8s en 2021<\/p>\n\n\n\n<p><strong>Le 25 mai 2022<br>\u00e0 11h<br>Hotel de Ville de Bruxelles<\/strong><\/p>\n\n\n\n<h2 class=\"wp-block-heading\">Hommage aux Morts de la Rue, d\u00e9c\u00e9d\u00e9s en 2021<\/h2>\n\n\n\n<p><strong>Jour des Morts<\/strong><\/p>\n\n\n\n<p><strong><em> <em>Une fleur, un mot, un souvenir<br>Ou, tout simplement, un silence partag\u00e9\u2026<\/em> <\/em><\/strong><\/p>\n\n\n\n<p><strong>ce mardi 2 novembre<\/strong><br>Conservons la m\u00e9moire de nos morts de la rue<br>Visite collective au cimeti\u00e8re pour rendre hommage \u00e0 nos<br>membres de famille et nos amis d\u00e9c\u00e9d\u00e9s<br>Rendez-vous:<br><strong>Le mardi 2 novembre 2021 \u00e0 9h30<\/strong><br>\u00e0 l&rsquo;arbre du souvenir pour les Morts de la rue<br>(Place l&rsquo;Albertine, pr\u00e8s de la Gare Centrale)<br>A 10h, nous nous dirigerons vers<br>&#8211; Le cimeti\u00e8re de Bruxelles (\u00e0 Evere) pour rendre hommage<br>aux morts de la rue de l&rsquo;ann\u00e9e \u00e9coul\u00e9e qui sont enterr\u00e9s sur<br>ce cimeti\u00e8re.<br>&#8211; D\u2019autres cimeti\u00e8res de la r\u00e9gion bruxelloise, n\u2019h\u00e9sitez pas \u00e0<br>nous contacter pour nous informer des cimeti\u00e8res o\u00f9 vous<br>aimeriez vous rendre : 0487379596<\/p>\n\n\n\n<figure class=\"wp-block-image aligncenter\"><img decoding=\"async\" width=\"1280\" height=\"960\" src=\"https:\/\/www.mortsdelarue.brussels\/wp-content\/uploads\/2016\/08\/p1020996.jpg\" alt=\"p1020996.jpg\" class=\"wp-image-273\"\/><\/figure>\n\n\n\n<p><\/p>\n\n\n\n<p><strong>Gedichten<\/strong><br>Serge Meurant, po\u00e8te, est actif dans notre Collectif depuis de longues ann\u00e9es.<br>Ca lui a inspir\u00e9 ce recueil de po\u00e8mes, illustr\u00e9 par Alain Roch : http:\/\/www.sergemeurant.be\/inedits\/larue2021.pdf<\/p>\n\n\n\n<p>La prochaine r\u00e9union du Collectif aura lieu le jeudi 14 octobre. N&rsquo;h\u00e9sitez pas \u00e0 nous contacter au 0487 37 95 96 pour plus de renseignements.<\/p>\n\n\n\n<figure class=\"wp-block-image aligncenter\"><img loading=\"lazy\" decoding=\"async\" width=\"940\" height=\"788\" src=\"https:\/\/www.mortsdelarue.brussels\/wp-content\/uploads\/2016\/08\/1_1_-2.png\" alt=\"1_1_-2.png\" class=\"wp-image-274\"\/><\/figure>\n\n\n\n<p><\/p>\n\n\n\n<p>Ce 5 mai, nous rendons hommage aux 70 personnes de qui nous avons appris le d\u00e9c\u00e8s en 2020.<br><a href=\"https:\/\/vimeo.com\/544649197\">Une vid\u00e9o de la lecture des noms pour introduire la minute de silence <\/a><\/p>\n\n\n\n<p>Textes, t\u00e9moignages et po\u00e8mes pour chaque personne d\u00e9c\u00e9d\u00e9e : <a href=\"https:\/\/www.mortsdelarue.brussels\/wp-content\/uploads\/2016\/08\/farde_mdr.docx-2.pdf\">Textes et t\u00e9moignages 2020<\/a><\/p>\n\n\n\n<p><a href=\"https:\/\/soundcloud.com\/user-655870813\">Des t\u00e9moignages audio, ainsi que des prises de parole des repr\u00e9sentants des religions<\/a><\/p>\n\n\n\n<figure class=\"wp-block-image aligncenter\"><img loading=\"lazy\" decoding=\"async\" width=\"940\" height=\"788\" src=\"https:\/\/www.mortsdelarue.brussels\/wp-content\/uploads\/2016\/08\/1_1_-2.png\" alt=\"1_1_-2.png\" class=\"wp-image-274\"\/><\/figure>\n\n\n\n<p><\/p>\n\n\n\n<p><strong>Les prochaines activit\u00e9s<\/strong><\/p>\n\n\n\n<ul class=\"wp-block-list\">\n<li>L&rsquo;hommage aux Morts de la Rue 2021, en m\u00e9moire des personnes d\u00e9c\u00e9d\u00e9es en 2021, prendra la forme de<\/li>\n\n\n\n<li>&#8211; Une minute de silence le 5 mai 2021 \u00e0 11h<\/li>\n\n\n\n<li>L&rsquo;arbre des Morts de la Rue sera orn\u00e9 de 70 objets symboliques, \u00e0 la m\u00e9moire des 70 personnes d\u00e9c\u00e9d\u00e9es en 2020<\/li>\n\n\n\n<li>Des t\u00e9moignages audio seront partag\u00e9s \u00e0 l&rsquo;arbre, mais aussi partout ailleurs depuis notre site internet<\/li>\n\n\n\n<li>Une vid\u00e9o de la lecture des noms des personnes d\u00e9c\u00e9d\u00e9es en 2020<\/li>\n<\/ul>\n\n\n\n<p><strong>Les activit\u00e9s pass\u00e9es<\/strong><br>La c\u00e9r\u00e9monie d&rsquo;hommage aux Morts de la Rue 2019 \u00e9tait prevue en mai 2020 mais a \u00e9t\u00e9 report\u00e9e au 29 octobre pass\u00e9. Afin de r\u00e9pondre aux normes sanitaires, la c\u00e9r\u00e9monie \u00e9tait enti\u00e8rement en ligne:<br><a href=\"https:\/\/m.youtube.com\/watch?feature=youtu.be&amp;v=P7rIWIlGzOM\">https:\/\/m.youtube.com\/watch?feature=youtu.be&amp;v=P7rIWIlGzOM<\/a><\/p>\n\n\n\n<p>C&rsquo;est aussi possible d&rsquo;\u00e9couter la diffusion sur Radio Panik :<br><a href=\"https:\/\/www.radiopanik.org\/emissions\/emissions-speciales\/ceremonie-dhommage-aux-morts-de-la-rue\/\">https:\/\/www.radiopanik.org\/emissions\/emissions-speciales\/ceremonie-dhommage-aux-morts-de-la-rue\/<\/a><\/p>\n\n\n\n<p>Nous essayerons de proposer d&rsquo;autres diffusions d\u00e8s que les rassemblements, m\u00eame r\u00e9duits, seront \u00e0 nouveau permis.<\/p>\n\n\n\n<figure class=\"wp-block-gallery has-nested-images columns-3 is-cropped wp-block-gallery-1 is-layout-flex wp-block-gallery-is-layout-flex\">\n<figure class=\"wp-block-image size-large\"><a href=\"https:\/\/www.mortsdelarue.brussels\/wp-content\/uploads\/2016\/08\/10001575_10152811421117938_7861577533956179334_n.jpg\"><img loading=\"lazy\" decoding=\"async\" width=\"960\" height=\"720\" data-id=\"277\" src=\"https:\/\/www.mortsdelarue.brussels\/wp-content\/uploads\/2016\/08\/10001575_10152811421117938_7861577533956179334_n.jpg\" alt=\"10001575_10152811421117938_7861577533956179334_n.jpg\" class=\"wp-image-277\" srcset=\"https:\/\/www.mortsdelarue.brussels\/wp-content\/uploads\/2016\/08\/10001575_10152811421117938_7861577533956179334_n.jpg 960w, https:\/\/www.mortsdelarue.brussels\/wp-content\/uploads\/2016\/08\/10001575_10152811421117938_7861577533956179334_n-300x225.jpg 300w, https:\/\/www.mortsdelarue.brussels\/wp-content\/uploads\/2016\/08\/10001575_10152811421117938_7861577533956179334_n-768x576.jpg 768w\" sizes=\"(max-width: 960px) 100vw, 960px\" \/><\/a><\/figure>\n\n\n\n<figure class=\"wp-block-image size-large\"><a href=\"https:\/\/www.mortsdelarue.brussels\/wp-content\/uploads\/2016\/12\/333-scaled.jpg\"><img loading=\"lazy\" decoding=\"async\" width=\"1024\" height=\"768\" data-id=\"278\" src=\"https:\/\/www.mortsdelarue.brussels\/wp-content\/uploads\/2016\/12\/333-1024x768.jpg\" alt=\"333.jpg\" class=\"wp-image-278\" srcset=\"https:\/\/www.mortsdelarue.brussels\/wp-content\/uploads\/2016\/12\/333-1024x768.jpg 1024w, https:\/\/www.mortsdelarue.brussels\/wp-content\/uploads\/2016\/12\/333-300x225.jpg 300w, https:\/\/www.mortsdelarue.brussels\/wp-content\/uploads\/2016\/12\/333-768x576.jpg 768w, https:\/\/www.mortsdelarue.brussels\/wp-content\/uploads\/2016\/12\/333-1536x1152.jpg 1536w, https:\/\/www.mortsdelarue.brussels\/wp-content\/uploads\/2016\/12\/333-2048x1536.jpg 2048w\" sizes=\"(max-width: 1024px) 100vw, 1024px\" \/><\/a><\/figure>\n\n\n\n<figure class=\"wp-block-image size-large\"><a href=\"https:\/\/www.mortsdelarue.brussels\/wp-content\/uploads\/2017\/03\/morts_de_la_rue_2017_fr-1-scaled.jpg\"><img loading=\"lazy\" decoding=\"async\" width=\"735\" height=\"1024\" data-id=\"279\" src=\"https:\/\/www.mortsdelarue.brussels\/wp-content\/uploads\/2017\/03\/morts_de_la_rue_2017_fr-1-735x1024.jpg\" alt=\"morts_de_la_rue_2017_fr-1.jpg\" class=\"wp-image-279\" srcset=\"https:\/\/www.mortsdelarue.brussels\/wp-content\/uploads\/2017\/03\/morts_de_la_rue_2017_fr-1-735x1024.jpg 735w, https:\/\/www.mortsdelarue.brussels\/wp-content\/uploads\/2017\/03\/morts_de_la_rue_2017_fr-1-215x300.jpg 215w, https:\/\/www.mortsdelarue.brussels\/wp-content\/uploads\/2017\/03\/morts_de_la_rue_2017_fr-1-768x1071.jpg 768w, https:\/\/www.mortsdelarue.brussels\/wp-content\/uploads\/2017\/03\/morts_de_la_rue_2017_fr-1-1102x1536.jpg 1102w, https:\/\/www.mortsdelarue.brussels\/wp-content\/uploads\/2017\/03\/morts_de_la_rue_2017_fr-1-1469x2048.jpg 1469w, https:\/\/www.mortsdelarue.brussels\/wp-content\/uploads\/2017\/03\/morts_de_la_rue_2017_fr-1-scaled.jpg 1836w\" sizes=\"(max-width: 735px) 100vw, 735px\" \/><\/a><\/figure>\n\n\n\n<figure class=\"wp-block-image size-large\"><a href=\"https:\/\/www.mortsdelarue.brussels\/wp-content\/uploads\/2017\/05\/imgp4417-scaled.jpg\"><img loading=\"lazy\" decoding=\"async\" width=\"684\" height=\"1024\" data-id=\"281\" src=\"https:\/\/www.mortsdelarue.brussels\/wp-content\/uploads\/2017\/05\/imgp4417-684x1024.jpg\" alt=\"imgp4417.jpg\" class=\"wp-image-281\" srcset=\"https:\/\/www.mortsdelarue.brussels\/wp-content\/uploads\/2017\/05\/imgp4417-684x1024.jpg 684w, https:\/\/www.mortsdelarue.brussels\/wp-content\/uploads\/2017\/05\/imgp4417-200x300.jpg 200w, https:\/\/www.mortsdelarue.brussels\/wp-content\/uploads\/2017\/05\/imgp4417-768x1150.jpg 768w, https:\/\/www.mortsdelarue.brussels\/wp-content\/uploads\/2017\/05\/imgp4417-1026x1536.jpg 1026w, https:\/\/www.mortsdelarue.brussels\/wp-content\/uploads\/2017\/05\/imgp4417-1368x2048.jpg 1368w, https:\/\/www.mortsdelarue.brussels\/wp-content\/uploads\/2017\/05\/imgp4417-scaled.jpg 1710w\" sizes=\"(max-width: 684px) 100vw, 684px\" \/><\/a><\/figure>\n\n\n\n<figure class=\"wp-block-image size-large\"><a href=\"https:\/\/www.mortsdelarue.brussels\/wp-content\/uploads\/2018\/07\/imgp4425-scaled.jpg\"><img loading=\"lazy\" decoding=\"async\" width=\"1024\" height=\"684\" data-id=\"283\" src=\"https:\/\/www.mortsdelarue.brussels\/wp-content\/uploads\/2018\/07\/imgp4425-1024x684.jpg\" alt=\"imgp4425.jpg\" class=\"wp-image-283\" srcset=\"https:\/\/www.mortsdelarue.brussels\/wp-content\/uploads\/2018\/07\/imgp4425-1024x684.jpg 1024w, https:\/\/www.mortsdelarue.brussels\/wp-content\/uploads\/2018\/07\/imgp4425-300x200.jpg 300w, https:\/\/www.mortsdelarue.brussels\/wp-content\/uploads\/2018\/07\/imgp4425-768x513.jpg 768w, https:\/\/www.mortsdelarue.brussels\/wp-content\/uploads\/2018\/07\/imgp4425-1536x1026.jpg 1536w, https:\/\/www.mortsdelarue.brussels\/wp-content\/uploads\/2018\/07\/imgp4425-2048x1368.jpg 2048w\" sizes=\"(max-width: 1024px) 100vw, 1024px\" \/><\/a><\/figure>\n\n\n\n<figure class=\"wp-block-image size-large\"><a href=\"https:\/\/www.mortsdelarue.brussels\/wp-content\/uploads\/2018\/07\/mortsdelarue-2018-def-fr-1-scaled.jpg\"><img loading=\"lazy\" decoding=\"async\" width=\"735\" height=\"1024\" data-id=\"284\" src=\"https:\/\/www.mortsdelarue.brussels\/wp-content\/uploads\/2018\/07\/mortsdelarue-2018-def-fr-1-735x1024.jpg\" alt=\"mortsdelarue-2018-def-fr-1.jpg\" class=\"wp-image-284\" srcset=\"https:\/\/www.mortsdelarue.brussels\/wp-content\/uploads\/2018\/07\/mortsdelarue-2018-def-fr-1-735x1024.jpg 735w, https:\/\/www.mortsdelarue.brussels\/wp-content\/uploads\/2018\/07\/mortsdelarue-2018-def-fr-1-215x300.jpg 215w, https:\/\/www.mortsdelarue.brussels\/wp-content\/uploads\/2018\/07\/mortsdelarue-2018-def-fr-1-768x1071.jpg 768w, https:\/\/www.mortsdelarue.brussels\/wp-content\/uploads\/2018\/07\/mortsdelarue-2018-def-fr-1-1102x1536.jpg 1102w, https:\/\/www.mortsdelarue.brussels\/wp-content\/uploads\/2018\/07\/mortsdelarue-2018-def-fr-1-1469x2048.jpg 1469w, https:\/\/www.mortsdelarue.brussels\/wp-content\/uploads\/2018\/07\/mortsdelarue-2018-def-fr-1-scaled.jpg 1836w\" sizes=\"(max-width: 735px) 100vw, 735px\" \/><\/a><\/figure>\n\n\n\n<figure class=\"wp-block-image size-large\"><a href=\"https:\/\/www.mortsdelarue.brussels\/wp-content\/uploads\/2019\/11\/affiche2019-scaled.jpg\"><img loading=\"lazy\" decoding=\"async\" width=\"724\" height=\"1024\" data-id=\"286\" src=\"https:\/\/www.mortsdelarue.brussels\/wp-content\/uploads\/2019\/11\/affiche2019-724x1024.jpg\" alt=\"affiche2019.jpg\" class=\"wp-image-286\" srcset=\"https:\/\/www.mortsdelarue.brussels\/wp-content\/uploads\/2019\/11\/affiche2019-724x1024.jpg 724w, https:\/\/www.mortsdelarue.brussels\/wp-content\/uploads\/2019\/11\/affiche2019-212x300.jpg 212w, https:\/\/www.mortsdelarue.brussels\/wp-content\/uploads\/2019\/11\/affiche2019-768x1086.jpg 768w, https:\/\/www.mortsdelarue.brussels\/wp-content\/uploads\/2019\/11\/affiche2019-1086x1536.jpg 1086w, https:\/\/www.mortsdelarue.brussels\/wp-content\/uploads\/2019\/11\/affiche2019-1448x2048.jpg 1448w, https:\/\/www.mortsdelarue.brussels\/wp-content\/uploads\/2019\/11\/affiche2019-scaled.jpg 1810w\" sizes=\"(max-width: 724px) 100vw, 724px\" \/><\/a><\/figure>\n\n\n\n<figure class=\"wp-block-image size-large\"><a href=\"https:\/\/www.mortsdelarue.brussels\/wp-content\/uploads\/2019\/11\/affiche2019-2.jpg\"><img loading=\"lazy\" decoding=\"async\" width=\"724\" height=\"1024\" data-id=\"287\" src=\"https:\/\/www.mortsdelarue.brussels\/wp-content\/uploads\/2019\/11\/affiche2019-2-724x1024.jpg\" alt=\"affiche2019-2.jpg\" class=\"wp-image-287\" srcset=\"https:\/\/www.mortsdelarue.brussels\/wp-content\/uploads\/2019\/11\/affiche2019-2-724x1024.jpg 724w, https:\/\/www.mortsdelarue.brussels\/wp-content\/uploads\/2019\/11\/affiche2019-2-212x300.jpg 212w, https:\/\/www.mortsdelarue.brussels\/wp-content\/uploads\/2019\/11\/affiche2019-2-768x1086.jpg 768w, https:\/\/www.mortsdelarue.brussels\/wp-content\/uploads\/2019\/11\/affiche2019-2-1086x1536.jpg 1086w, https:\/\/www.mortsdelarue.brussels\/wp-content\/uploads\/2019\/11\/affiche2019-2-1448x2048.jpg 1448w, https:\/\/www.mortsdelarue.brussels\/wp-content\/uploads\/2019\/11\/affiche2019-2.jpg 1754w\" sizes=\"(max-width: 724px) 100vw, 724px\" \/><\/a><\/figure>\n\n\n\n<figure class=\"wp-block-image size-large\"><a href=\"https:\/\/www.mortsdelarue.brussels\/wp-content\/uploads\/2020\/10\/invitation-fr_finale_2_1__page-0001.jpg\"><img loading=\"lazy\" decoding=\"async\" width=\"725\" height=\"1024\" data-id=\"288\" src=\"https:\/\/www.mortsdelarue.brussels\/wp-content\/uploads\/2020\/10\/invitation-fr_finale_2_1__page-0001-725x1024.jpg\" alt=\"invitation-fr_finale_2_1__page-0001.jpg\" class=\"wp-image-288\" srcset=\"https:\/\/www.mortsdelarue.brussels\/wp-content\/uploads\/2020\/10\/invitation-fr_finale_2_1__page-0001-725x1024.jpg 725w, https:\/\/www.mortsdelarue.brussels\/wp-content\/uploads\/2020\/10\/invitation-fr_finale_2_1__page-0001-212x300.jpg 212w, https:\/\/www.mortsdelarue.brussels\/wp-content\/uploads\/2020\/10\/invitation-fr_finale_2_1__page-0001-768x1085.jpg 768w, https:\/\/www.mortsdelarue.brussels\/wp-content\/uploads\/2020\/10\/invitation-fr_finale_2_1__page-0001-1087x1536.jpg 1087w, https:\/\/www.mortsdelarue.brussels\/wp-content\/uploads\/2020\/10\/invitation-fr_finale_2_1__page-0001.jpg 1241w\" sizes=\"(max-width: 725px) 100vw, 725px\" \/><\/a><\/figure>\n\n\n\n<figure class=\"wp-block-image size-large\"><a href=\"https:\/\/www.mortsdelarue.brussels\/wp-content\/uploads\/2020\/10\/invitation-fr_finale_2_1__page-0002.jpg\"><img loading=\"lazy\" decoding=\"async\" width=\"725\" height=\"1024\" data-id=\"290\" src=\"https:\/\/www.mortsdelarue.brussels\/wp-content\/uploads\/2020\/10\/invitation-fr_finale_2_1__page-0002-725x1024.jpg\" alt=\"invitation-fr_finale_2_1__page-0002.jpg\" class=\"wp-image-290\" srcset=\"https:\/\/www.mortsdelarue.brussels\/wp-content\/uploads\/2020\/10\/invitation-fr_finale_2_1__page-0002-725x1024.jpg 725w, https:\/\/www.mortsdelarue.brussels\/wp-content\/uploads\/2020\/10\/invitation-fr_finale_2_1__page-0002-212x300.jpg 212w, https:\/\/www.mortsdelarue.brussels\/wp-content\/uploads\/2020\/10\/invitation-fr_finale_2_1__page-0002-768x1085.jpg 768w, https:\/\/www.mortsdelarue.brussels\/wp-content\/uploads\/2020\/10\/invitation-fr_finale_2_1__page-0002-1087x1536.jpg 1087w, https:\/\/www.mortsdelarue.brussels\/wp-content\/uploads\/2020\/10\/invitation-fr_finale_2_1__page-0002.jpg 1241w\" sizes=\"(max-width: 725px) 100vw, 725px\" \/><\/a><\/figure>\n\n\n\n<figure class=\"wp-block-image size-large\"><a href=\"https:\/\/www.mortsdelarue.brussels\/wp-content\/uploads\/2020\/10\/invitation-nl_finale_1__page-0001.jpg\"><img loading=\"lazy\" decoding=\"async\" width=\"725\" height=\"1024\" data-id=\"291\" src=\"https:\/\/www.mortsdelarue.brussels\/wp-content\/uploads\/2020\/10\/invitation-nl_finale_1__page-0001-725x1024.jpg\" alt=\"invitation-nl_finale_1__page-0001.jpg\" class=\"wp-image-291\" srcset=\"https:\/\/www.mortsdelarue.brussels\/wp-content\/uploads\/2020\/10\/invitation-nl_finale_1__page-0001-725x1024.jpg 725w, https:\/\/www.mortsdelarue.brussels\/wp-content\/uploads\/2020\/10\/invitation-nl_finale_1__page-0001-212x300.jpg 212w, https:\/\/www.mortsdelarue.brussels\/wp-content\/uploads\/2020\/10\/invitation-nl_finale_1__page-0001-768x1085.jpg 768w, https:\/\/www.mortsdelarue.brussels\/wp-content\/uploads\/2020\/10\/invitation-nl_finale_1__page-0001-1087x1536.jpg 1087w, https:\/\/www.mortsdelarue.brussels\/wp-content\/uploads\/2020\/10\/invitation-nl_finale_1__page-0001.jpg 1241w\" sizes=\"(max-width: 725px) 100vw, 725px\" \/><\/a><\/figure>\n\n\n\n<figure class=\"wp-block-image size-large\"><a href=\"https:\/\/www.mortsdelarue.brussels\/wp-content\/uploads\/2020\/10\/invitation-nl_finale_1__page-0002.jpg\"><img loading=\"lazy\" decoding=\"async\" width=\"725\" height=\"1024\" data-id=\"292\" src=\"https:\/\/www.mortsdelarue.brussels\/wp-content\/uploads\/2020\/10\/invitation-nl_finale_1__page-0002-725x1024.jpg\" alt=\"invitation-nl_finale_1__page-0002.jpg\" class=\"wp-image-292\" srcset=\"https:\/\/www.mortsdelarue.brussels\/wp-content\/uploads\/2020\/10\/invitation-nl_finale_1__page-0002-725x1024.jpg 725w, https:\/\/www.mortsdelarue.brussels\/wp-content\/uploads\/2020\/10\/invitation-nl_finale_1__page-0002-212x300.jpg 212w, https:\/\/www.mortsdelarue.brussels\/wp-content\/uploads\/2020\/10\/invitation-nl_finale_1__page-0002-768x1085.jpg 768w, https:\/\/www.mortsdelarue.brussels\/wp-content\/uploads\/2020\/10\/invitation-nl_finale_1__page-0002-1087x1536.jpg 1087w, https:\/\/www.mortsdelarue.brussels\/wp-content\/uploads\/2020\/10\/invitation-nl_finale_1__page-0002.jpg 1241w\" sizes=\"(max-width: 725px) 100vw, 725px\" \/><\/a><\/figure>\n\n\n\n<figure class=\"wp-block-image size-large\"><a href=\"https:\/\/www.mortsdelarue.brussels\/wp-content\/uploads\/2021\/02\/save-the-date-couverture-evenement-fb_1_.png\"><img loading=\"lazy\" decoding=\"async\" width=\"1024\" height=\"576\" data-id=\"293\" src=\"https:\/\/www.mortsdelarue.brussels\/wp-content\/uploads\/2021\/02\/save-the-date-couverture-evenement-fb_1_-1024x576.png\" alt=\"save-the-date-couverture-evenement-fb_1_.png\" class=\"wp-image-293\" srcset=\"https:\/\/www.mortsdelarue.brussels\/wp-content\/uploads\/2021\/02\/save-the-date-couverture-evenement-fb_1_-1024x576.png 1024w, https:\/\/www.mortsdelarue.brussels\/wp-content\/uploads\/2021\/02\/save-the-date-couverture-evenement-fb_1_-300x169.png 300w, https:\/\/www.mortsdelarue.brussels\/wp-content\/uploads\/2021\/02\/save-the-date-couverture-evenement-fb_1_-768x432.png 768w, https:\/\/www.mortsdelarue.brussels\/wp-content\/uploads\/2021\/02\/save-the-date-couverture-evenement-fb_1_-1536x864.png 1536w, https:\/\/www.mortsdelarue.brussels\/wp-content\/uploads\/2021\/02\/save-the-date-couverture-evenement-fb_1_.png 1920w\" sizes=\"(max-width: 1024px) 100vw, 1024px\" \/><\/a><\/figure>\n\n\n\n<figure class=\"wp-block-image size-large\"><a href=\"https:\/\/www.mortsdelarue.brussels\/wp-content\/uploads\/2016\/08\/1_1_-2.png\"><img loading=\"lazy\" decoding=\"async\" width=\"940\" height=\"788\" data-id=\"274\" src=\"https:\/\/www.mortsdelarue.brussels\/wp-content\/uploads\/2016\/08\/1_1_-2.png\" alt=\"1_1_-2.png\" class=\"wp-image-274\"\/><\/a><\/figure>\n\n\n\n<figure class=\"wp-block-image size-large\"><a href=\"https:\/\/www.mortsdelarue.brussels\/wp-content\/uploads\/2016\/08\/p1020996.jpg\"><img loading=\"lazy\" decoding=\"async\" width=\"1024\" height=\"768\" data-id=\"273\" src=\"https:\/\/www.mortsdelarue.brussels\/wp-content\/uploads\/2016\/08\/p1020996-1024x768.jpg\" alt=\"p1020996.jpg\" class=\"wp-image-273\"\/><\/a><\/figure>\n<\/figure>\n\n\n\n<h2 class=\"wp-block-heading\">Bijgevoegde documenten<\/h2>\n\n\n\n<div class=\"wp-block-file\"><a href=\"https:\/\/www.mortsdelarue.brussels\/wp-content\/uploads\/2017\/05\/farde_de_presse_2017.pdf\">fp 2017<\/a><\/div>\n\n\n\n<div class=\"wp-block-file\"><a href=\"https:\/\/www.mortsdelarue.brussels\/wp-content\/uploads\/2017\/05\/fardes.pdf\">Contenu farde 2017<\/a><\/div>\n\n\n\n<div class=\"wp-block-file\"><a href=\"https:\/\/www.mortsdelarue.brussels\/wp-content\/uploads\/2019\/11\/affichea3-fr-vect_finale.pdf\">affichea3-fr-vect_finale.pdf<\/a><\/div>\n\n\n\n<div class=\"wp-block-file\"><a href=\"https:\/\/www.mortsdelarue.brussels\/wp-content\/uploads\/2020\/10\/ilovepdf_pages-to-jpg.zip\">ilovepdf_pages-to-jpg.zip<\/a><\/div>\n\n\n\n<div class=\"wp-block-file\"><a href=\"https:\/\/www.mortsdelarue.brussels\/wp-content\/uploads\/2021\/05\/farde_mdr.docx-2.pdf\">Textes et t\u00e9moignages 2020<\/a><\/div>\n\n\n\n<h2 class=\"wp-block-heading\"><\/h2>","protected":false},"excerpt":{"rendered":"<p>Le vrai tombeau des morts est la m\u00e9moire des vivants La prochaine c\u00e9r\u00e9monie d&rsquo;hommage aux Mortes et Morts de la rue aura lieu le 28 mai 2026, \u00e0 11h \u00e0 l&rsquo;H\u00f4tel de Ville de Bruxelles. En 2025, notre Collectif f\u00eate ses 20 ans! C&rsquo;est l&rsquo;occasion de se pencher sur nos r\u00e9alisations, nos victoires et ce [&hellip;]<\/p>\n","protected":false},"author":1,"featured_media":273,"comment_status":"closed","ping_status":"closed","sticky":false,"template":"","format":"standard","meta":{"_acf_changed":false,"footnotes":""},"categories":[15],"tags":[],"class_list":["post-276","post","type-post","status-publish","format-standard","has-post-thumbnail","hentry","category-actualite"],"acf":[],"_links":{"self":[{"href":"https:\/\/www.mortsdelarue.brussels\/nl\/wp-json\/wp\/v2\/posts\/276","targetHints":{"allow":["GET"]}}],"collection":[{"href":"https:\/\/www.mortsdelarue.brussels\/nl\/wp-json\/wp\/v2\/posts"}],"about":[{"href":"https:\/\/www.mortsdelarue.brussels\/nl\/wp-json\/wp\/v2\/types\/post"}],"author":[{"embeddable":true,"href":"https:\/\/www.mortsdelarue.brussels\/nl\/wp-json\/wp\/v2\/users\/1"}],"replies":[{"embeddable":true,"href":"https:\/\/www.mortsdelarue.brussels\/nl\/wp-json\/wp\/v2\/comments?post=276"}],"version-history":[{"count":8,"href":"https:\/\/www.mortsdelarue.brussels\/nl\/wp-json\/wp\/v2\/posts\/276\/revisions"}],"predecessor-version":[{"id":1446,"href":"https:\/\/www.mortsdelarue.brussels\/nl\/wp-json\/wp\/v2\/posts\/276\/revisions\/1446"}],"wp:featuredmedia":[{"embeddable":true,"href":"https:\/\/www.mortsdelarue.brussels\/nl\/wp-json\/wp\/v2\/media\/273"}],"wp:attachment":[{"href":"https:\/\/www.mortsdelarue.brussels\/nl\/wp-json\/wp\/v2\/media?parent=276"}],"wp:term":[{"taxonomy":"category","embeddable":true,"href":"https:\/\/www.mortsdelarue.brussels\/nl\/wp-json\/wp\/v2\/categories?post=276"},{"taxonomy":"post_tag","embeddable":true,"href":"https:\/\/www.mortsdelarue.brussels\/nl\/wp-json\/wp\/v2\/tags?post=276"}],"curies":[{"name":"wp","href":"https:\/\/api.w.org\/{rel}","templated":true}]}}