{"id":358,"date":"2016-08-25T13:55:44","date_gmt":"2016-08-25T11:55:44","guid":{"rendered":"https:\/\/www.mortsdelarue.brussels\/26-2\/"},"modified":"2025-11-12T10:07:16","modified_gmt":"2025-11-12T09:07:16","slug":"26-2","status":"publish","type":"post","link":"https:\/\/www.mortsdelarue.brussels\/nl\/26-2\/","title":{"rendered":"Persoverzicht"},"content":{"rendered":"<figure class=\"wp-block-embed is-type-wp-embed is-provider-bx-1 wp-block-embed-bx-1\"><div class=\"wp-block-embed__wrapper\">\n<blockquote class=\"wp-embedded-content\" data-secret=\"Nv6MgL2jJU\"><a href=\"https:\/\/bx1.be\/categories\/news\/le-collectif-les-morts-de-la-rue-fete-ses-20-ans\/\">Le collectif &#8220;Les Morts de la rue&#8221; f\u00eate ses 20 ans<\/a><\/blockquote><iframe class=\"wp-embedded-content\" sandbox=\"allow-scripts\" security=\"restricted\" style=\"position: absolute; visibility: hidden;\" title=\"\u00ab\u00a0Le collectif &#8220;Les Morts de la rue&#8221; f\u00eate ses 20 ans\u00a0\u00bb &#8212; BX1\" src=\"https:\/\/bx1.be\/categories\/news\/le-collectif-les-morts-de-la-rue-fete-ses-20-ans\/embed\/#?secret=I94D1w1VVs#?secret=Nv6MgL2jJU\" data-secret=\"Nv6MgL2jJU\" width=\"600\" height=\"338\" frameborder=\"0\" marginwidth=\"0\" marginheight=\"0\" scrolling=\"no\"><\/iframe>\n<\/div><\/figure>\n\n\n\n<h2 class=\"wp-block-heading\">Bijgevoegde documenten<\/h2>\n\n\n\n<div class=\"wp-block-file\"><a href=\"https:\/\/www.mortsdelarue.brussels\/wp-content\/uploads\/2016\/12\/16_11_02_bruzz.pdf\">16_11_02_bruzz.pdf<\/a><\/div>\n\n\n<p class=\"post_excerpt\">La presse, si bavarde dans l&rsquo;affaire des rats, ne parlait plus de rien. C&rsquo;est que les rats meurent dans la rue et les hommes dans leur chambre. Et les journaux ne s&rsquo;occupent que de la rue.<br \/>\nLa Peste, Albert Camus<\/p>\n<p><!--more--><br \/>\n<img fetchpriority=\"high\" decoding=\"async\" class=\"alignright size-full wp-image-141\" src=\"https:\/\/www.mortsdelarue.brussels\/wp-content\/uploads\/2016\/08\/quai_a_la_chaux_1_klein.jpg\" alt=\"quai_a_la_chaux_1_klein.jpg\" align=\"right\" width=\"336\" height=\"448\" srcset=\"https:\/\/www.mortsdelarue.brussels\/wp-content\/uploads\/2016\/08\/quai_a_la_chaux_1_klein.jpg 336w, https:\/\/www.mortsdelarue.brussels\/wp-content\/uploads\/2016\/08\/quai_a_la_chaux_1_klein-225x300.jpg 225w\" sizes=\"(max-width: 336px) 100vw, 336px\" \/>Lorsqu\u2019il communique, le Collectif se fait un point d\u2019honneur de sortir du sensationnalisme et de mettre en lumi\u00e8re les difficult\u00e9s structurelles auxquelles sont confront\u00e9s les habitants de la rue: loyers trop \u00e9lev\u00e9s sur le march\u00e9 priv\u00e9, listes d&rsquo;attente trop longues pour acc\u00e9der \u00e0 un logement social, discriminations, \u2026  Le Collectif veut \u00e9galement briser quelques id\u00e9es re\u00e7ues telle, par exemple, que celle qui am\u00e8ne certains \u00e0 penser que les personnes sans-abri d\u00e9c\u00e8dent surtout en hiver.  Les d\u00e9c\u00e8s sont repartis sur toute l&rsquo;ann\u00e9e, il n&rsquo;y a pas plus de d\u00e9c\u00e8s en hiver qu&rsquo;en \u00e9t\u00e9!  <\/p>\n<h2>Nous vous pr\u00e9sentons ici une revue de presse francophone, qui est loin d&rsquo;\u00eatre compl\u00e8te.<\/h2>\n<p>Le Collectif dans les m\u00e9dias:<\/p>\n<p>La presse a relay\u00e9 la c\u00e9r\u00e9monie d\u2019hommage<\/p>\n<p>https:\/\/www.rtbf.be\/article\/un-collectif-rend-hommage-a-78-sans-abri-morts-dans-les-rues-de-bruxelles-en-2022-11202300<\/p>\n<p>https:\/\/www.lalibre.be\/regions\/bruxelles\/2023\/05\/24\/il-ny-a-jamais-eu-autant-de-sans-abri-morts-dans-la-rue-a-bruxelles-Q3FPRK3TVBHAVKIB6GKXXPDEVI\/<\/p>\n<p>https:\/\/www.dhnet.be\/regions\/bruxelles\/2023\/05\/24\/il-ny-a-jamais-eu-autant-de-sans-abri-morts-dans-la-rue-a-bruxelles-7HFMBRPEPBBCPDY7LDDE2WM6G4\/<\/p>\n<p><blockquote class=\"wp-embedded-content\" data-secret=\"rDrNvdIhEG\"><a href=\"https:\/\/bx1.be\/radio-emission\/bonjour-bruxelles-24-05-2023\/\">Bonjour Bruxelles &#8211; 24\/05\/2023<\/a><\/blockquote><iframe class=\"wp-embedded-content\" sandbox=\"allow-scripts\" security=\"restricted\" style=\"position: absolute; clip: rect(1px, 1px, 1px, 1px);\" title=\"\u00ab\u00a0Bonjour Bruxelles &#8211; 24\/05\/2023\u00a0\u00bb &#8212; BX1\" src=\"https:\/\/bx1.be\/radio-emission\/bonjour-bruxelles-24-05-2023\/embed\/#?secret=IylKo8ITSb#?secret=rDrNvdIhEG\" data-secret=\"rDrNvdIhEG\" width=\"600\" height=\"338\" frameborder=\"0\" marginwidth=\"0\" marginheight=\"0\" scrolling=\"no\"><\/iframe><\/p>\n<p><blockquote class=\"wp-embedded-content\" data-secret=\"lHYyYJAae0\"><a href=\"https:\/\/www.belgeo.be\/jamais-autant-de-sdf-ne-sont-morts-dans-les-rues-de-bruxelles\/\">Jamais autant de SDF ne sont morts dans les rues de Bruxelles<\/a><\/blockquote><iframe class=\"wp-embedded-content\" sandbox=\"allow-scripts\" security=\"restricted\" style=\"position: absolute; clip: rect(1px, 1px, 1px, 1px);\" title=\"\u00ab\u00a0Jamais autant de SDF ne sont morts dans les rues de Bruxelles\u00a0\u00bb &#8212; Belgeo\" src=\"https:\/\/www.belgeo.be\/jamais-autant-de-sdf-ne-sont-morts-dans-les-rues-de-bruxelles\/embed\/#?secret=Q84dY69x3L#?secret=lHYyYJAae0\" data-secret=\"lHYyYJAae0\" width=\"600\" height=\"338\" frameborder=\"0\" marginwidth=\"0\" marginheight=\"0\" scrolling=\"no\"><\/iframe><\/p>\n<p>https:\/\/www.bruzz.be\/samenleving\/collectief-straatdoden-elk-leven-telt-elke-dode-ook-2023-05-24<\/p>\n<p>https:\/\/www.vrt.be\/vrtnws\/nl\/2023\/05\/24\/nog-nooit-zoveel-straatdoden-in-brussel\/<br \/>\n<img decoding=\"async\" src=\"IMG\/jpg\/screenshot-2023-05-30-13.46.45.jpg\" alt=\"screenshot-2023-05-30-13.46.45.jpg\" align=\"left\" \/><img decoding=\"async\" src=\"IMG\/jpg\/screenshot-2023-05-30-13.47.22.jpg\" alt=\"screenshot-2023-05-30-13.47.22.jpg\" align=\"left\" \/><img decoding=\"async\" src=\"IMG\/jpg\/screenshot-2023-05-30-13.47.06.jpg\" alt=\"screenshot-2023-05-30-13.47.06.jpg\" align=\"left\" \/><img decoding=\"async\" src=\"IMG\/jpg\/screenshot-2023-05-30-13.48.44.jpg\" alt=\"screenshot-2023-05-30-13.48.44.jpg\" align=\"left\" \/><img decoding=\"async\" src=\"IMG\/jpg\/screenshot-2023-05-30-13.49.34.jpg\" alt=\"screenshot-2023-05-30-13.49.34.jpg\" align=\"left\" \/><br \/>\nLe 30 janvier 2023, l\u2019\u00e9mission Tam Tam diffus\u00e9e sur La Trois \u00e9tait consacr\u00e9e \u00e0 notre Collectif<\/p>\n<p>https:\/\/www.youtube.com\/watch?v=vsIGVw9wBWQ<br \/>\nhttps:\/\/www.dhnet.be\/regions\/bruxelles\/62-deces-dans-les-rues-de-bruxelles-l-an-dernier-5f9adb949978e20e7059c8b7<\/p>\n<p>https:\/\/plus.lesoir.be\/334569\/article\/2020-10-28\/un-hommage-aux-morts-de-la-rue-retransmis-en-ligne-et-la-radio<\/p>\n<p><blockquote class=\"wp-embedded-content\" data-secret=\"LqRXLhVasD\"><a href=\"https:\/\/bx1.be\/categories\/news\/bruxelles-67-personnes-qui-vivaient-dans-la-rue-sont-decedees-en-2018\/\">Bruxelles : 67 personnes qui vivaient dans la rue sont d\u00e9c\u00e9d\u00e9es en 2018<\/a><\/blockquote><iframe class=\"wp-embedded-content\" sandbox=\"allow-scripts\" security=\"restricted\" style=\"position: absolute; clip: rect(1px, 1px, 1px, 1px);\" title=\"\u00ab\u00a0Bruxelles : 67 personnes qui vivaient dans la rue sont d\u00e9c\u00e9d\u00e9es en 2018\u00a0\u00bb &#8212; BX1\" src=\"https:\/\/bx1.be\/categories\/news\/bruxelles-67-personnes-qui-vivaient-dans-la-rue-sont-decedees-en-2018\/embed\/#?secret=Dzyn8vuaoX#?secret=LqRXLhVasD\" data-secret=\"LqRXLhVasD\" width=\"600\" height=\"338\" frameborder=\"0\" marginwidth=\"0\" marginheight=\"0\" scrolling=\"no\"><\/iframe><\/p>\n<p><blockquote class=\"wp-embedded-content\" data-secret=\"u9INvMPbaH\"><a href=\"https:\/\/www.catho-bruxelles.be\/noel-solidaire-collectif-morts-de-la-rue-a-rcf\/\">No\u00ebl Solidaire | Collectif Morts de la Rue \u00e0 RCF<\/a><\/blockquote><iframe class=\"wp-embedded-content\" sandbox=\"allow-scripts\" security=\"restricted\" style=\"position: absolute; clip: rect(1px, 1px, 1px, 1px);\" title=\"\u00ab\u00a0No\u00ebl Solidaire | Collectif Morts de la Rue \u00e0 RCF\u00a0\u00bb &#8212; \" src=\"https:\/\/www.catho-bruxelles.be\/noel-solidaire-collectif-morts-de-la-rue-a-rcf\/embed\/#?secret=auBVTu0gEt#?secret=u9INvMPbaH\" data-secret=\"u9INvMPbaH\" width=\"600\" height=\"338\" frameborder=\"0\" marginwidth=\"0\" marginheight=\"0\" scrolling=\"no\"><\/iframe><\/p>\n<div data-configid=\"24483137\/38613545\" style=\"width:525px; height:371px;\" class=\"issuuembed\"><\/div>\n<p><script type=\"text\/javascript\" src=\"\/\/e.issuu.com\/embed.js\" async=\"true\"><\/script><\/p>\n<p><iframe width=\"640\" height=\"380\" src=\"http:\/\/player.cdn01.rambla.be\/html\/rmplayer6.html?caption_files=srt\/20150513BV01STRAATDODEN_NL.srt,srt\/20150513BV01STRAATDODEN_FR.srt,srt\/20150513BV01STRAATDODEN_EN.srt&amp;caption_labels=Nederlands,Fran\u00e7ais,English&amp;cdn=cdn01&amp;file=nieuws\/05_mei_2015\/20150513BV01STRAATDODEN000-all.smil,nieuws\/05_mei_2015\/20150513BV01STRAATDODEN000-360p.mp4&amp;image=nieuws\/05_mei_2015\/20150513BV01STRAATDODEN000-0.jpg&amp;share=1&amp;user=tvbrussel&amp;caption_default=Nederlands&amp;sharelink=http%3A%2F%2Fwww.brusselnieuws.be%2Fnl%2Fvideo%2Ftvbrussel%2Fherdenking-straatdoden-twintig-tot-dertig-keer-jaar-ga-ik-naar-een-begrafenis\" style=\"border: 0\"><\/iframe><\/p>\n<p><script type=\"text\/javascript\">vmmaplayer=<em>videoUrl:'http:\/\/flvpd.vtm.be\/videocms\/vmma\/2015\/05\/17\/201505171617509010032016057005056B763420000003040B00000D0F028673.mp4',width:400,height:225,id:'130544',title:'Laurent grijpt in bij agressie op straat',imageUrl:'http:\/\/static3.vtm.vmmacdn.be\/sites\/vtm.be\/files\/styles\/vmmaplayer_big\/public\/videocms\/image\/2015\/05\/faabf0fba4d9c6f74cc4634b95e806d0.jpg?itok=yUJ5vbkE',url:'http:\/\/vtm.be\/royalty\/laurent-grijpt-in-bij-agressie-op-straat',subsiteUrl:'http:\/\/vtm.be\/node\/1934\/video',program:'Royalty'<\/em>;<\/script><br \/>\n<script type=\"text\/javascript\" src=\"http:\/\/vtm.be\/vmmaplayer\/embed.js\"><\/script><\/p>\n<p>Bekijk meer video&rsquo;s van <a href=\"http:\/\/vtm.be\/node\/1934\/video\" title= \"Alle video's van Royalty\">Royalty<\/a> op  <a href=\"http:\/\/vtm.be\" title=\"vtm.be\">vtm.be<\/a><\/p>\n<p>http:\/\/deredactie.be\/permalink\/1.2338489<\/p>\n<p><iframe width=\"622\" height=\"350\" src=\"http:\/\/player.cdn01.rambla.be\/?account_id=WXv1JD&#038;item_id=2b60xN\" style=\"border: 0\" allowfullscreen webkitallowfullscreen mozallowfullscreen oallowfullscreen msallowfullscreen><\/iframe><\/p>\n<p><iframe width=\"640\" height=\"380\" src=\"http:\/\/player.cdn01.rambla.be\/html\/rmplayer6.html?caption_files=srt\/20151102BV01HERDENKING_STRAATDODEN_NL.srt,srt\/20151102BV01HERDENKING_STRAATDODEN_FR.srt,srt\/20151102BV01HERDENKING_STRAATDODEN_EN.srt&amp;caption_labels=Nederlands,Fran\u00e7ais,English&amp;cdn=cdn01&amp;file=nieuws\/10_oktober_2015\/20151102BV01HERDENKING_STRAATDODEN-all.smil,nieuws\/10_oktober_2015\/20151102BV01HERDENKING_STRAATDODEN-360p.mp4&amp;image=nieuws\/10_oktober_2015\/20151102BV01HERDENKING_STRAATDODEN-14.jpg&amp;share=1&amp;user=tvbrussel&amp;caption_default=Fran\u00e7ais&amp;sharelink=http%3A%2F%2Fwww.bruzz.be%2Ffr%2Fvideo%2Ftvbrussel%2Fles-morts-de-la-rue-bruxellois-lhonneur-un-arbre-commemoratif-pour-ne-jamais-les\" style=\"border: 0\"><\/iframe><\/p>\n<p><iframe title=\"De plus en plus de morts de rue\" width=\"800\" height=\"450\" src=\"https:\/\/www.youtube.com\/embed\/RKFG9tH3S8o?feature=oembed\" frameborder=\"0\" allow=\"accelerometer; autoplay; clipboard-write; encrypted-media; gyroscope; picture-in-picture; web-share\" allowfullscreen><\/iframe><\/p>\n<div id='gallery-1' class='gallery galleryid-358 gallery-columns-3 gallery-size-thumbnail'><figure class='gallery-item'>\n\t\t\t<div class='gallery-icon portrait'>\n\t\t\t\t<a href='https:\/\/www.mortsdelarue.brussels\/wp-content\/uploads\/2016\/08\/quai_a_la_chaux_1_klein.jpg'><img decoding=\"async\" width=\"150\" height=\"150\" src=\"https:\/\/www.mortsdelarue.brussels\/wp-content\/uploads\/2016\/08\/quai_a_la_chaux_1_klein-150x150.jpg\" class=\"attachment-thumbnail size-thumbnail\" alt=\"quai_a_la_chaux_1_klein.jpg\" \/><\/a>\n\t\t\t<\/div><\/figure><figure class='gallery-item'>\n\t\t\t<div class='gallery-icon landscape'>\n\t\t\t\t<a href='https:\/\/www.mortsdelarue.brussels\/wp-content\/uploads\/2016\/12\/16_11_02_bruzz-page-001-scaled.jpg'><img decoding=\"async\" width=\"150\" height=\"150\" src=\"https:\/\/www.mortsdelarue.brussels\/wp-content\/uploads\/2016\/12\/16_11_02_bruzz-page-001-150x150.jpg\" class=\"attachment-thumbnail size-thumbnail\" alt=\"16_11_02_bruzz-page-001.jpg\" \/><\/a>\n\t\t\t<\/div><\/figure>\n\t\t<\/div>\n\n\n\n<h2 class=\"wp-block-heading\">Bijgevoegde documenten<\/h2>\n\n\n\n<div class=\"wp-block-file\"><a href=\"https:\/\/www.mortsdelarue.brussels\/wp-content\/uploads\/2016\/12\/16_11_02_bruzz.pdf\">16_11_02_bruzz.pdf<\/a><\/div>","protected":false},"excerpt":{"rendered":"<p>Documents joints La presse, si bavarde dans l&rsquo;affaire des rats, ne parlait plus de rien. C&rsquo;est que les rats meurent dans la rue et les hommes dans leur chambre. Et les journaux ne s&rsquo;occupent que de la rue. La Peste, Albert Camus<\/p>","protected":false},"author":1,"featured_media":141,"comment_status":"closed","ping_status":"closed","sticky":false,"template":"","format":"standard","meta":{"_acf_changed":false,"footnotes":""},"categories":[23],"tags":[],"class_list":["post-358","post","type-post","status-publish","format-standard","has-post-thumbnail","hentry","category-la-presse"],"acf":[],"_links":{"self":[{"href":"https:\/\/www.mortsdelarue.brussels\/nl\/wp-json\/wp\/v2\/posts\/358","targetHints":{"allow":["GET"]}}],"collection":[{"href":"https:\/\/www.mortsdelarue.brussels\/nl\/wp-json\/wp\/v2\/posts"}],"about":[{"href":"https:\/\/www.mortsdelarue.brussels\/nl\/wp-json\/wp\/v2\/types\/post"}],"author":[{"embeddable":true,"href":"https:\/\/www.mortsdelarue.brussels\/nl\/wp-json\/wp\/v2\/users\/1"}],"replies":[{"embeddable":true,"href":"https:\/\/www.mortsdelarue.brussels\/nl\/wp-json\/wp\/v2\/comments?post=358"}],"version-history":[{"count":1,"href":"https:\/\/www.mortsdelarue.brussels\/nl\/wp-json\/wp\/v2\/posts\/358\/revisions"}],"predecessor-version":[{"id":1414,"href":"https:\/\/www.mortsdelarue.brussels\/nl\/wp-json\/wp\/v2\/posts\/358\/revisions\/1414"}],"wp:featuredmedia":[{"embeddable":true,"href":"https:\/\/www.mortsdelarue.brussels\/nl\/wp-json\/wp\/v2\/media\/141"}],"wp:attachment":[{"href":"https:\/\/www.mortsdelarue.brussels\/nl\/wp-json\/wp\/v2\/media?parent=358"}],"wp:term":[{"taxonomy":"category","embeddable":true,"href":"https:\/\/www.mortsdelarue.brussels\/nl\/wp-json\/wp\/v2\/categories?post=358"},{"taxonomy":"post_tag","embeddable":true,"href":"https:\/\/www.mortsdelarue.brussels\/nl\/wp-json\/wp\/v2\/tags?post=358"}],"curies":[{"name":"wp","href":"https:\/\/api.w.org\/{rel}","templated":true}]}}