{"id":369,"date":"2016-09-14T11:28:10","date_gmt":"2016-09-14T09:28:10","guid":{"rendered":"https:\/\/www.mortsdelarue.brussels\/29-2\/"},"modified":"2025-01-30T11:20:44","modified_gmt":"2025-01-30T10:20:44","slug":"29-2","status":"publish","type":"post","link":"https:\/\/www.mortsdelarue.brussels\/nl\/29-2\/","title":{"rendered":"\u00ab\u00a0Au pied de l&rsquo;arbre\u00a0\u00bb"},"content":{"rendered":"<p class=\"post_excerpt\">\u00ab\u00a0Je pense que la dignit\u00e9 humaine doit \u00eatre totale, y compris jusque dans ce moment-l\u00e0. C&rsquo;est une mani\u00e8re d&rsquo;affirmer que la dignit\u00e9 humaine doit \u00eatre respect\u00e9e dans tout. Et m\u00eame si on ne conna\u00eet pas la personne, \u00e7a reste un \u00eatre humain\u00a0\u00bb (Propos d&rsquo;Eric dans le documentaire \u00ab\u00a0Au pied de l&rsquo;arbre\u00a0\u00bb)<\/p>\n\n\n\n<!--more-->\n\n\n\n<figure class=\"wp-block-image aligncenter\"><img fetchpriority=\"high\" decoding=\"async\" width=\"1726\" height=\"1511\" src=\"https:\/\/www.mortsdelarue.brussels\/wp-content\/uploads\/2016\/09\/illustration_au_pied_arbre_sans_titres.jpg\" alt=\"illustration_au_pied_arbre_sans_titres.jpg\" class=\"wp-image-368\" srcset=\"https:\/\/www.mortsdelarue.brussels\/wp-content\/uploads\/2016\/09\/illustration_au_pied_arbre_sans_titres.jpg 1726w, https:\/\/www.mortsdelarue.brussels\/wp-content\/uploads\/2016\/09\/illustration_au_pied_arbre_sans_titres-300x263.jpg 300w, https:\/\/www.mortsdelarue.brussels\/wp-content\/uploads\/2016\/09\/illustration_au_pied_arbre_sans_titres-1024x896.jpg 1024w, https:\/\/www.mortsdelarue.brussels\/wp-content\/uploads\/2016\/09\/illustration_au_pied_arbre_sans_titres-768x672.jpg 768w, https:\/\/www.mortsdelarue.brussels\/wp-content\/uploads\/2016\/09\/illustration_au_pied_arbre_sans_titres-1536x1345.jpg 1536w\" sizes=\"(max-width: 1726px) 100vw, 1726px\" \/><\/figure>\n\n\n\n<p><br><\/p>\n\n\n\n<p><em>Au pied de l&rsquo;arbre<\/em> est un documentaire radiophonique r\u00e9alis\u00e9 par Pauline Chevallier et R\u00e9mi Pons, documentaristes qui s&rsquo;impliquent dans la vie du Collectif des morts de la rue de Bruxelles 2013.<\/p>\n\n\n\n<p>Sous sa forme finale, <em>Au pied de l&rsquo;arbre<\/em> retrace un an de la vie du Collectif, entendue de l&rsquo;int\u00e9rieur, avec les diff\u00e9rents moments qui jalonnent son quotidien : enterrements, r\u00e9unions de pr\u00e9paration, hommages collectifs, tensions avec la ville de Bruxelles pour l\u2019entretien de ses cimeti\u00e8res, et notamment son \u00ab carr\u00e9 des indigents \u00bb, visite collective au cimeti\u00e8re pour fleurir les tombes\u2026<\/p>\n\n\n\n<p><em>Au pied de l\u2019arbre<\/em> se r\u00e9v\u00e8le ainsi \u00eatre un soutien \u00e0 une forme d\u2019engagement peu commun et une fa\u00e7on d\u2019exprimer une revendication simple en apparence, qui l\u00e8ve n\u00e9anmoins le voile sur une forme d\u2019indiff\u00e9rence, voire de m\u00e9pris public, d\u00e8s qu\u2019il s\u2019agit d\u2019\u00e9voquer et de prendre en charge la grande pr\u00e9carit\u00e9.<\/p>\n\n\n\n<p>Au pied de l\u2019arbre est un hommage \u00e0 toutes ces personnes d\u00e9c\u00e9d\u00e9es.<\/p>\n\n\n\n<figure class=\"wp-block-embed is-type-rich is-provider-soundcloud wp-block-embed-soundcloud\"><div class=\"wp-block-embed__wrapper\">\n<iframe title=\"Au pied de l&#039;arbre \/ avec le collectif des morts de la rue de Bruxelles by la bande asbl\" width=\"800\" height=\"400\" scrolling=\"no\" frameborder=\"no\" src=\"https:\/\/w.soundcloud.com\/player\/?visual=true&#038;url=https%3A%2F%2Fapi.soundcloud.com%2Ftracks%2F247703587&#038;show_artwork=true&#038;maxheight=1000&#038;maxwidth=800\"><\/iframe>\n<\/div><\/figure>\n\n\n\n<p><strong>R\u00e9alisation<\/strong> : R\u00e9mi Pons ; Pauline Chevallier<br><strong>Son <\/strong> : Maxime Dubuis<br><strong>Illustration<\/strong> : Thy Truong<br><strong>Soutien<\/strong> : Fond d\u2019aide \u00e0 la cr\u00e9ation radiophonique<br><strong>Dur\u00e9e <\/strong> : 52 minutes<\/p>","protected":false},"excerpt":{"rendered":"<p>\u00ab\u00a0Je pense que la dignit\u00e9 humaine doit \u00eatre totale, y compris jusque dans ce moment-l\u00e0. C&rsquo;est une mani\u00e8re d&rsquo;affirmer que la dignit\u00e9 humaine doit \u00eatre respect\u00e9e dans tout. Et m\u00eame si on ne conna\u00eet pas la personne, \u00e7a reste un \u00eatre humain\u00a0\u00bb (Propos d&rsquo;Eric dans le documentaire \u00ab\u00a0Au pied de l&rsquo;arbre\u00a0\u00bb)<\/p>","protected":false},"author":1,"featured_media":368,"comment_status":"closed","ping_status":"closed","sticky":false,"template":"","format":"standard","meta":{"_acf_changed":false,"footnotes":""},"categories":[24],"tags":[],"class_list":["post-369","post","type-post","status-publish","format-standard","has-post-thumbnail","hentry","category-au-pied-de-larbre"],"acf":[],"_links":{"self":[{"href":"https:\/\/www.mortsdelarue.brussels\/nl\/wp-json\/wp\/v2\/posts\/369","targetHints":{"allow":["GET"]}}],"collection":[{"href":"https:\/\/www.mortsdelarue.brussels\/nl\/wp-json\/wp\/v2\/posts"}],"about":[{"href":"https:\/\/www.mortsdelarue.brussels\/nl\/wp-json\/wp\/v2\/types\/post"}],"author":[{"embeddable":true,"href":"https:\/\/www.mortsdelarue.brussels\/nl\/wp-json\/wp\/v2\/users\/1"}],"replies":[{"embeddable":true,"href":"https:\/\/www.mortsdelarue.brussels\/nl\/wp-json\/wp\/v2\/comments?post=369"}],"version-history":[{"count":2,"href":"https:\/\/www.mortsdelarue.brussels\/nl\/wp-json\/wp\/v2\/posts\/369\/revisions"}],"predecessor-version":[{"id":1245,"href":"https:\/\/www.mortsdelarue.brussels\/nl\/wp-json\/wp\/v2\/posts\/369\/revisions\/1245"}],"wp:featuredmedia":[{"embeddable":true,"href":"https:\/\/www.mortsdelarue.brussels\/nl\/wp-json\/wp\/v2\/media\/368"}],"wp:attachment":[{"href":"https:\/\/www.mortsdelarue.brussels\/nl\/wp-json\/wp\/v2\/media?parent=369"}],"wp:term":[{"taxonomy":"category","embeddable":true,"href":"https:\/\/www.mortsdelarue.brussels\/nl\/wp-json\/wp\/v2\/categories?post=369"},{"taxonomy":"post_tag","embeddable":true,"href":"https:\/\/www.mortsdelarue.brussels\/nl\/wp-json\/wp\/v2\/tags?post=369"}],"curies":[{"name":"wp","href":"https:\/\/api.w.org\/{rel}","templated":true}]}}